[{"@context":"https:\/\/schema.org\/","@type":"Article","@id":"https:\/\/www.indeso.sk\/nove-logo-na-autach-bmw\/#Article","mainEntityOfPage":"https:\/\/www.indeso.sk\/nove-logo-na-autach-bmw\/","headline":"Nov\u00e9 logo na aut\u00e1ch BMW","name":"Nov\u00e9 logo na aut\u00e1ch BMW","description":"\u00d8\u00a0 Star\u00e9 logo na zna\u010dke BMW pozn\u00e1me u\u017e od roku 1916. Modro bielo logo je u\u017e minulos\u0165ou a nahrad\u00ed ho nov\u00fdm \u010dierno bielom logom . Vytvori\u0165 \u010dierno biele logo nie je ni\u010d nepochopite\u013en\u00e9. BMW chce rozl\u00ed\u0161i\u0165 najluxusnej\u0161ie a najprest\u00ed\u017enej\u0161ie a\u00a0rozdeli\u0165 tak luxus od klasiky. Zatia\u013e v\u0161ak nie je zn\u00e1me ktor\u00e9 auta od BMW dostan\u00fa nov\u00e9&hellip;","datePublished":"2017-09-14","dateModified":"2017-09-14","author":{"@type":"Person","@id":"https:\/\/www.indeso.sk\/author\/#Person","name":"","url":"https:\/\/www.indeso.sk\/author\/","identifier":1,"image":{"@type":"ImageObject","@id":"https:\/\/secure.gravatar.com\/avatar\/1bbb35219ad819cefa53fdc5515b24173b84f885da520bcb5e2dcb96444d797b?s=96&d=mm&r=g","url":"https:\/\/secure.gravatar.com\/avatar\/1bbb35219ad819cefa53fdc5515b24173b84f885da520bcb5e2dcb96444d797b?s=96&d=mm&r=g","height":96,"width":96}},"publisher":{"@type":"Organization","name":"indeso.sk","logo":{"@type":"ImageObject","@id":"\/logo.png","url":"\/logo.png","width":600,"height":60}},"image":{"@type":"ImageObject","@id":"https:\/\/www.indeso.sk\/wp-content\/uploads\/img_a283178_w2018_t1510685733.jpg","url":"https:\/\/www.indeso.sk\/wp-content\/uploads\/img_a283178_w2018_t1510685733.jpg","height":0,"width":0},"url":"https:\/\/www.indeso.sk\/nove-logo-na-autach-bmw\/","wordCount":394,"articleBody":"\u00d8\u00a0 Star\u00e9 logo na zna\u010dke BMW pozn\u00e1me u\u017e od roku 1916. Modro bielo logo je u\u017e minulos\u0165ou a nahrad\u00ed ho nov\u00fdm \u010dierno bielom logom . Vytvori\u0165 \u010dierno biele logo nie je ni\u010d nepochopite\u013en\u00e9. BMW chce rozl\u00ed\u0161i\u0165 najluxusnej\u0161ie a najprest\u00ed\u017enej\u0161ie a\u00a0rozdeli\u0165 tak luxus od klasiky. Zatia\u013e v\u0161ak nie je zn\u00e1me ktor\u00e9 auta od BMW dostan\u00fa nov\u00e9 logo , ale pod\u013ea m\u00f4jho n\u00e1zoru to m\u00f4\u017eu by\u0165 od radu 7 , 8 a i8 no nepravdepodobnej\u0161\u00edm uch\u00e1dza\u010dom\u00a0 asi bude X7 ke\u010f\u017ee patr\u00ed do kateg\u00f3rie luxusn\u00fdch a\u00a0prest\u00ed\u017enych aut.\u00a0\u00d8\u00a0 Od v\u00fdroby prv\u00e9ho auta zna\u010dky BMW sa logo nezmenilo , no pr\u00e1ve teraz nast\u00e1va t\u00e1 prav\u00e1 chv\u00ed\u013ea. Ide teda o marketingov\u00fd \u0165ah ktor\u00fd by mal up\u00fata\u0165 viac z\u00e1kazn\u00edkov na k\u00fapu ich \u00e1ut od zna\u010dky BMW. \u010ci ale fan\u00fa\u0161ikovia toto logo pr\u00edjmu uk\u00e1\u017ee \u010das , ale bud\u00fa si musie\u0165 na nov\u00e9 logo zvykn\u00fa\u0165.\u010co sa ale t\u00fdka ve\u013ekolepej zmeny m\u00f4\u017eeme len h\u00e1da\u0165 ci sa aj nov\u00e9 logo ujme na samotnom trhu. Mo\u017eno to bude niektor\u00fdm \u013eu\u010fom jedno , a povedia si ve\u010f sa voz\u00edme na aute a nie v loge a niektor\u00fd s\u00fa perfekcionisti a nebude sa im toto logo p\u00e1\u010di\u0165 alebo sa n\u00e1jdu aj nad\u0161enci t\u00fdchto aut ktor\u00e9 toto logo ocenia. \u00a0\u00a0\u00d8\u00a0 Niektor\u00e9 zna\u010dky \u00e1ut svoje logo nezmenili ale iba ich inovovala. To znamen\u00e1 \u017ee trochu zmenili dizajn ale p\u00edsmo , no in\u00e9 zmeny sa v log\u00e1ch \u00e1ut zatia\u013e nezmenilo. Napr\u00edklad Renault mal mal\u00e9 logo , a dnes ho m\u00f4\u017eeme vidie\u0165 o trochu v\u00e4\u010d\u0161ie, alebo aj Fiat ktor\u00fd zmenil s\u00edce dizajn loga \u00faplne, no st\u00e1le vieme \u017ee sa jedn\u00e1 o star\u00fa dobr\u00fa zna\u010dku. Kedysi mal ako logo 3 pruhy no dnes m\u00e1 kruh\u00a0 z nadpisom Fiat. Ide o to \u017ee ak aj \u013eudia zvyknut\u00fd na star\u00e9 logo, bud\u00fa vedie\u0165 \u017ee to patr\u00ed napr\u00edklad ku mercedesu.\u00a0E\u0161te sa na chv\u00ed\u013eu vr\u00e1time ku BMW . BMW patr\u00ed ku najluxusnej\u0161\u00edm a najpred\u00e1vanej\u0161\u00edm aut\u00e1m na celom svete. Ak by sme si urobili mali prieskum , zistili by sme \u017ee logo tejto zna\u010dky by si v\u0161imli len mal\u00e9 percento \u013eud\u00ed a\u00a0sk\u00f4r by ich zauj\u00edmal celkov\u00fd dizajn auta\u00a0                                                                                                                                                                                                                                                                                                                                                                                        3.3\/5 - (3 votes)        "},{"@context":"https:\/\/schema.org\/","@type":"BreadcrumbList","itemListElement":[{"@type":"ListItem","position":1,"name":"Nov\u00e9 logo na aut\u00e1ch BMW","item":"https:\/\/www.indeso.sk\/nove-logo-na-autach-bmw\/#breadcrumbitem"}]}]